{"id":470,"date":"2018-01-18T17:35:05","date_gmt":"2018-01-18T17:35:05","guid":{"rendered":"http:\/\/juancarlosrevollar.com\/?p=470"},"modified":"2018-01-18T17:35:44","modified_gmt":"2018-01-18T17:35:44","slug":"opinion-la-marca-en-la-era-de-las-redes-sociales","status":"publish","type":"post","link":"https:\/\/jcsuarez.com.pe\/index.php\/2018\/01\/18\/opinion-la-marca-en-la-era-de-las-redes-sociales\/","title":{"rendered":"Opini\u00f3n: La marca en la era de las redes sociales"},"content":{"rendered":"<p>Por: Juan Carlos Su\u00e1rez Revollar<\/p>\n<h6>El concepto de marca tiene en las redes sociales un aliado que, bien aprovechado, puede derivar en grandes beneficios y en significativos ahorros en publicidad. A continuaci\u00f3n, ent\u00e9rese de cu\u00e1les son las mejores alternativas para su empresa.<\/h6>\n<p>En el Per\u00fa hay, entre otras, tres redes sociales de importancia. La primera es <em>Hi5<\/em>, una plataforma juguetona, sencilla, dise\u00f1ada para conocer gente. Su \u00e9xito fue principalmente entre el p\u00fablico adolescente, pero se us\u00f3 tambi\u00e9n por el sector corporativo para promocionar sus productos, servicios, y principalmente sus marcas.<\/p>\n<blockquote>\n<p style=\"padding-left: 30px;\">Las redes sociales tienen su raz\u00f3n de ser en la interacci\u00f3n. Por eso la retroalimentaci\u00f3n es tan importante.<\/p>\n<\/blockquote>\n<p>La aparici\u00f3n de <em>Facebook<\/em> y <em>Twitter<\/em> ha acentuado la necesidad de la participaci\u00f3n de las marcas en la red. Ello, precisamente, porque estas dos plataformas son mucho m\u00e1s amigables y \u00fatiles que <em>Hi5<\/em>, y permiten, a diferencia de \u00e9sta, un mayor flujo de comunicaci\u00f3n e interacci\u00f3n, y lo m\u00e1s importante, contenidos de mayor calidad, raz\u00f3n por la cual se han impuesto sobre las dem\u00e1s.<\/p>\n<p><strong>Facebook y Twitter<\/strong><br \/>\nEl \u00e9xito de <em>Facebook<\/em> y <em>Twitter<\/em> no es porque sirvan como meros escaparates publicitarios, sino por ser \u00fatiles herramientas de comunicaci\u00f3n de ida y vuelta entre la empresa \u2014es decir la marca que la representa\u2014 y los clientes (suyos y de sus competidores).<\/p>\n<p>Un error frecuente entre las empresas que usan <em>Facebook<\/em> es que lo hacen a trav\u00e9s de cuentas personales. Por eso, llegados a los 5 mil amigos ya no podr\u00e1n seguir reuniendo seguidores, ventaja que s\u00ed ofrece la opci\u00f3n de cuentas como p\u00e1gina de esta plataforma, que permite sumar ilimitadamente seguidores y no amigos. Y ahora disponen adem\u00e1s de la capacidad de interactuar como en un perfil personal.<\/p>\n<p>En <em>Twitter<\/em> la cosa no es tan diferente. Las empresas siguen y acumulan seguidores. Hay varias en nuestro pa\u00eds que mantienen un equipo exclusivo para administrar su cuenta. As\u00ed, han abierto una nueva ventana para resolver las consultas y quejas de sus clientes. Una de las mejor organizadas es la de @ClaroPeru. Y en medios period\u00edsticos destacan @elcomercio y @larepublica_pe.<\/p>\n<p><strong>Interacci\u00f3n es la clave<\/strong><br \/>\nLas redes sociales tienen su raz\u00f3n de ser en la interacci\u00f3n. Por eso la retroalimentaci\u00f3n es tan importante. Es claro que no toda comunicaci\u00f3n de los seguidores ser\u00e1 positiva. Justamente ah\u00ed estriba la habilidad que precisan tener los administradores de la cuenta para responder inmediata y pertinentemente, y evitar as\u00ed conductas inapropiadas en las redes sociales, como la censura de opiniones a trav\u00e9s de la eliminaci\u00f3n de comentarios y contenidos del muro. Ello siempre va en desmedro de la reputaci\u00f3n del perfil, y por tanto de la empresa.<\/p>\n<p>Aprovechar el potencial que ofrecen las redes sociales puede ser, para una marca, un factor de diferenciaci\u00f3n respecto de los competidores, y lo m\u00e1s relevante, de interiorizaci\u00f3n con los clientes.<\/p>\n<p style=\"text-align: right;\">Publicado por la C\u00e1mara de Comercio de Huancayo en abril de 2011<\/p>\n","protected":false},"excerpt":{"rendered":"<p>Por: Juan Carlos Su\u00e1rez Revollar El concepto de marca tiene en las redes sociales un aliado que, bien aprovechado, puede derivar en grandes beneficios y en significativos ahorros en publicidad. A continuaci\u00f3n, ent\u00e9rese de cu\u00e1les son las mejores alternativas para su empresa. En el Per\u00fa hay, entre otras, tres redes sociales de importancia. La primera &hellip; <\/p>\n<p class=\"link-more\"><a href=\"https:\/\/jcsuarez.com.pe\/index.php\/2018\/01\/18\/opinion-la-marca-en-la-era-de-las-redes-sociales\/\" class=\"more-link\">Continue reading<span class=\"screen-reader-text\"> \u00abOpini\u00f3n: La marca en la era de las redes sociales\u00bb<\/span><\/a><\/p>\n","protected":false},"author":1,"featured_media":0,"comment_status":"open","ping_status":"open","sticky":false,"template":"","format":"standard","meta":{"om_disable_all_campaigns":false,"_monsterinsights_skip_tracking":false,"_monsterinsights_sitenote_active":false,"_monsterinsights_sitenote_note":"","_monsterinsights_sitenote_category":0,"jetpack_publicize_message":"","jetpack_is_tweetstorm":false,"jetpack_publicize_feature_enabled":true},"categories":[86],"tags":[369,370,365,372,371,364,368,367,82,366],"jetpack_publicize_connections":[],"jetpack_featured_media_url":"","jetpack_sharing_enabled":true,"jetpack_shortlink":"https:\/\/wp.me\/p9wSwf-7A","jetpack_likes_enabled":true,"jetpack-related-posts":[{"id":216,"url":"https:\/\/jcsuarez.com.pe\/index.php\/2018\/01\/05\/critica-de-cine-red-social\/","url_meta":{"origin":470,"position":0},"title":"Cr\u00edtica de cine: Red social","date":"enero 5, 2018","format":false,"excerpt":"Juegos corporativos en la era Facebook Juan Carlos Su\u00e1rez Revollar David Fincher rod\u00f3 en 1992 Alien 3 y en 1995 Pecados capitales. A partir de entonces ha dirigido filmes de importancia como El juego (1997), El club de la pelea (1999), La habitaci\u00f3n del p\u00e1nico (2002), Zodiaco (2007) y El\u2026","rel":"","context":"En &quot;Cr\u00edtica de cine&quot;","img":{"alt_text":"","src":"https:\/\/i0.wp.com\/juancarlosrevollar.com\/wp-content\/uploads\/2018\/01\/The-Social-Network.jpg?resize=350%2C200","width":350,"height":200},"classes":[]},{"id":574,"url":"https:\/\/jcsuarez.com.pe\/index.php\/2018\/02\/02\/memoria-2017-recuento-literario\/","url_meta":{"origin":470,"position":1},"title":"Memoria 2017: recuento literario","date":"febrero 2, 2018","format":false,"excerpt":"Por: Gabriel Ruiz Ortega \u00abJuan Carlos Su\u00e1rez Revollar nos entreg\u00f3 una inquietante y divertida novela: Cautivos de mar y tierra. Consignemos que estamos ante una primera novela marcada por la madurez. El autor ha sabido calibrar el paso del tiempo y no ha sido presa del apuro por publicar. Su\u00e1rez\u2026","rel":"","context":"En &quot;Art\u00edculos sobre el autor&quot;","img":{"alt_text":"","src":"","width":0,"height":0},"classes":[]},{"id":867,"url":"https:\/\/jcsuarez.com.pe\/index.php\/2018\/11\/14\/el-diablo-en-la-ideologia-del-mundo-andino-de-isabel-cordova-rosas\/","url_meta":{"origin":470,"position":2},"title":"Cr\u00edtica de literatura: El diablo en la ideolog\u00eda del mundo andino, de Isabel C\u00f3rdova Rosas","date":"noviembre 14, 2018","format":false,"excerpt":"\u00a1Diablos en la literatura oral andina! Texto y fotos: Juan Carlos Su\u00e1rez Revollar La literatura oral ha constituido, desde el albor de los tiempos, la mejor forma de transmitir saberes e ideas de una generaci\u00f3n a otra, a trav\u00e9s de historias que funcionaban como par\u00e1bolas o lecciones de vida. Con\u2026","rel":"","context":"En &quot;Cr\u00edtica de literatura&quot;","img":{"alt_text":"","src":"https:\/\/i0.wp.com\/jcsuarez.com.pe\/wp-content\/uploads\/2018\/11\/jcsuarez.com_.pe_isabel_cordova_rosas_el_diablo_en_la_ideologia_del_mundo_andino.jpg?resize=350%2C200","width":350,"height":200},"classes":[]},{"id":887,"url":"https:\/\/jcsuarez.com.pe\/index.php\/2018\/11\/20\/critica-de-literatura-ventura-garcia-calderon-la-venganza-del-condor\/","url_meta":{"origin":470,"position":3},"title":"Cr\u00edtica de literatura: Ventura Garc\u00eda Calder\u00f3n, La venganza del c\u00f3ndor","date":"noviembre 20, 2018","format":false,"excerpt":"La mirada ex\u00f3tica del Per\u00fa profundo Juan Carlos Su\u00e1rez Revollar Era 1911. Ventura Garc\u00eda Calder\u00f3n (1886-1959) llevaba varios a\u00f1os en Par\u00eds, pero regres\u00f3 al Per\u00fa por unos meses para adentrarse en la sierra de Ancash y buscar yacimientos de plata. Este episodio fue muy importante para su futura obra, pues\u2026","rel":"","context":"En &quot;Cr\u00edtica de literatura&quot;","img":{"alt_text":"","src":"https:\/\/i0.wp.com\/jcsuarez.com.pe\/wp-content\/uploads\/2018\/11\/jcsuarez.com_.pe_ventura_garcia_calderon_la_venganza_del_condor_primera_edicion.jpg?resize=350%2C200","width":350,"height":200},"classes":[]},{"id":1015,"url":"https:\/\/jcsuarez.com.pe\/index.php\/2019\/10\/24\/entrevista-a-jose-oregon-morales-sobre-su-novela-mi-tio-el-cura\/","url_meta":{"origin":470,"position":4},"title":"Entrevista a Jos\u00e9 Oreg\u00f3n Morales sobre su novela \u2018Mi t\u00edo el cura\u2019","date":"octubre 24, 2019","format":false,"excerpt":"El sobrino del cura Acaba de presentarse Mi t\u00edo el cura (Acerva, 2019), la nueva novela de Jos\u00e9 Oreg\u00f3n Morales. Se trata de una historia que ocurre entre los grandes movimientos sociales desde mediados del siglo XX en la sierra central peruana. En la siguiente entrevista el autor nos habla\u2026","rel":"","context":"En &quot;Cr\u00edtica de literatura&quot;","img":{"alt_text":"","src":"https:\/\/i0.wp.com\/jcsuarez.com.pe\/wp-content\/uploads\/2019\/10\/jcsuarez.com_.pe_jose-oregon-morales_foto-juan-carlos-suarez.jpg?resize=350%2C200","width":350,"height":200},"classes":[]},{"id":972,"url":"https:\/\/jcsuarez.com.pe\/index.php\/2019\/03\/27\/opinion-dias-de-teatro\/","url_meta":{"origin":470,"position":5},"title":"Opini\u00f3n: D\u00edas de teatro","date":"marzo 27, 2019","format":false,"excerpt":"Escribe: Juan Carlos Su\u00e1rez Revollar A diferencia de las otras artes que tambi\u00e9n cuentan una historia, el teatro es el que m\u00e1s se acerca a una fusi\u00f3n de ficci\u00f3n y realidad. El actor teatral encarna una personalidad, una vida, una realidad diferente de la suya. Y debe hacerlo de manera\u2026","rel":"","context":"En &quot;Opini\u00f3n&quot;","img":{"alt_text":"","src":"https:\/\/i0.wp.com\/jcsuarez.com.pe\/wp-content\/uploads\/2019\/03\/jcsuarez.com_.pe_una_hora_bajo_el_puente_maria_teresa_zuniga_foto_teatro_maria_inmaculada.jpg?resize=350%2C200","width":350,"height":200},"classes":[]}],"_links":{"self":[{"href":"https:\/\/jcsuarez.com.pe\/index.php\/wp-json\/wp\/v2\/posts\/470"}],"collection":[{"href":"https:\/\/jcsuarez.com.pe\/index.php\/wp-json\/wp\/v2\/posts"}],"about":[{"href":"https:\/\/jcsuarez.com.pe\/index.php\/wp-json\/wp\/v2\/types\/post"}],"author":[{"embeddable":true,"href":"https:\/\/jcsuarez.com.pe\/index.php\/wp-json\/wp\/v2\/users\/1"}],"replies":[{"embeddable":true,"href":"https:\/\/jcsuarez.com.pe\/index.php\/wp-json\/wp\/v2\/comments?post=470"}],"version-history":[{"count":1,"href":"https:\/\/jcsuarez.com.pe\/index.php\/wp-json\/wp\/v2\/posts\/470\/revisions"}],"predecessor-version":[{"id":471,"href":"https:\/\/jcsuarez.com.pe\/index.php\/wp-json\/wp\/v2\/posts\/470\/revisions\/471"}],"wp:attachment":[{"href":"https:\/\/jcsuarez.com.pe\/index.php\/wp-json\/wp\/v2\/media?parent=470"}],"wp:term":[{"taxonomy":"category","embeddable":true,"href":"https:\/\/jcsuarez.com.pe\/index.php\/wp-json\/wp\/v2\/categories?post=470"},{"taxonomy":"post_tag","embeddable":true,"href":"https:\/\/jcsuarez.com.pe\/index.php\/wp-json\/wp\/v2\/tags?post=470"}],"curies":[{"name":"wp","href":"https:\/\/api.w.org\/{rel}","templated":true}]}}