{"id":589,"date":"2018-02-08T18:43:39","date_gmt":"2018-02-08T18:43:39","guid":{"rendered":"http:\/\/juancarlosrevollar.com\/?p=589"},"modified":"2018-02-08T18:51:49","modified_gmt":"2018-02-08T18:51:49","slug":"critica-de-literatura-stieg-larsson-millenium","status":"publish","type":"post","link":"https:\/\/jcsuarez.com.pe\/index.php\/2018\/02\/08\/critica-de-literatura-stieg-larsson-millenium\/","title":{"rendered":"Cr\u00edtica de literatura: Stieg Larsson, \u00abMillenium\u00bb"},"content":{"rendered":"<h2>El reino de los malditos<\/h2>\n<p style=\"text-align: right;\">Por: Juan Carlos Su\u00e1rez Revollar<\/p>\n<p><img data-attachment-id=\"592\" data-permalink=\"https:\/\/jcsuarez.com.pe\/index.php\/2018\/02\/08\/critica-de-literatura-stieg-larsson-millenium\/juancarlosrevollar-com_los-hombres-que-no-amaban-a-las-mujeres\/\" data-orig-file=\"https:\/\/i0.wp.com\/jcsuarez.com.pe\/wp-content\/uploads\/2018\/02\/juancarlosrevollar.com_los-hombres-que-no-amaban-a-las-mujeres.jpg?fit=918%2C1600&amp;ssl=1\" data-orig-size=\"918,1600\" data-comments-opened=\"1\" data-image-meta=\"{&quot;aperture&quot;:&quot;0&quot;,&quot;credit&quot;:&quot;&quot;,&quot;camera&quot;:&quot;&quot;,&quot;caption&quot;:&quot;&quot;,&quot;created_timestamp&quot;:&quot;0&quot;,&quot;copyright&quot;:&quot;&quot;,&quot;focal_length&quot;:&quot;0&quot;,&quot;iso&quot;:&quot;0&quot;,&quot;shutter_speed&quot;:&quot;0&quot;,&quot;title&quot;:&quot;&quot;,&quot;orientation&quot;:&quot;0&quot;}\" data-image-title=\"juancarlosrevollar.com_los-hombres-que-no-amaban-a-las-mujeres\" data-image-description=\"\" data-image-caption=\"\" data-medium-file=\"https:\/\/i0.wp.com\/jcsuarez.com.pe\/wp-content\/uploads\/2018\/02\/juancarlosrevollar.com_los-hombres-que-no-amaban-a-las-mujeres.jpg?fit=172%2C300&amp;ssl=1\" data-large-file=\"https:\/\/i0.wp.com\/jcsuarez.com.pe\/wp-content\/uploads\/2018\/02\/juancarlosrevollar.com_los-hombres-que-no-amaban-a-las-mujeres.jpg?fit=525%2C914&amp;ssl=1\" loading=\"lazy\" class=\"alignright wp-image-592 \" src=\"https:\/\/i0.wp.com\/juancarlosrevollar.com\/wp-content\/uploads\/2018\/02\/juancarlosrevollar.com_los-hombres-que-no-amaban-a-las-mujeres-172x300.jpg?resize=267%2C466\" alt=\"\" width=\"267\" height=\"466\" srcset=\"https:\/\/i0.wp.com\/jcsuarez.com.pe\/wp-content\/uploads\/2018\/02\/juancarlosrevollar.com_los-hombres-que-no-amaban-a-las-mujeres.jpg?resize=172%2C300&amp;ssl=1 172w, https:\/\/i0.wp.com\/jcsuarez.com.pe\/wp-content\/uploads\/2018\/02\/juancarlosrevollar.com_los-hombres-que-no-amaban-a-las-mujeres.jpg?resize=768%2C1339&amp;ssl=1 768w, https:\/\/i0.wp.com\/jcsuarez.com.pe\/wp-content\/uploads\/2018\/02\/juancarlosrevollar.com_los-hombres-que-no-amaban-a-las-mujeres.jpg?resize=588%2C1024&amp;ssl=1 588w, https:\/\/i0.wp.com\/jcsuarez.com.pe\/wp-content\/uploads\/2018\/02\/juancarlosrevollar.com_los-hombres-que-no-amaban-a-las-mujeres.jpg?w=918&amp;ssl=1 918w\" sizes=\"(max-width: 267px) 100vw, 267px\" data-recalc-dims=\"1\" \/>Una mirada r\u00e1pida a las tres partes de la trilog\u00eda <em>Millennium<\/em> parecer\u00eda mostrar que los personajes son, en todos sus niveles, infames gentes de alma retorcida, con des\u00f3rdenes sicol\u00f3gicos, intolerancia, corrupci\u00f3n o simplemente avaricia, a las que Lisbeth Salander y Mikael Blomkvist se empe\u00f1an en combatir. Cualquiera de las tres puede leerse de manera independiente, aunque hacerlo secuencialmente configura un todo de amplia solidez. Fueron publicadas poco despu\u00e9s de la repentina muerte de su autor, el periodista y escritor sueco Stieg Larsson, con los distintivos t\u00edtulos de <em>Los hombres que no amaban a las mujeres<\/em>, <em>La chica que so\u00f1aba con una cerilla y un bid\u00f3n de gasolina<\/em> y <em>La reina en el palacio de las corrientes de aire<\/em>.<\/p>\n<p>Lisbeth Salander es una hero\u00edna inconfundible: con una extra\u00f1a moralidad y de temperamento indoblegable, es poco comunicativa, bajita y muy delgada, llena de tatuajes y <em>piercings<\/em> y con el cabello cortado a cepillo. Viste vaqueros negros y chaquetillas de cuero con broches de acero, a la usanza de los punkis. Gracias a su incre\u00edble habilidad para reunir informaci\u00f3n y a sus conocimientos inform\u00e1ticos, es capaz de acceder a cualquier computadora y, por ende, a los secretos de sus propietarios (sean estos sus rivales o aliados). Esa caracter\u00edstica le permite un nivel de omnisciencia que no alcanza ning\u00fan otro personaje en toda la trilog\u00eda. Su <em>partner<\/em> \u2014y a su modo, su contraparte\u2014 es el periodista Mikael Blomkvist, diestro investigador y cabeza de la revista <em>Millennium<\/em>, un medio independiente y muy comprometido a la hora de denunciar a corruptos, sinverg\u00fcenzas y rufianes. Es \u00fanicamente con la combinaci\u00f3n de esfuerzos que ambos son capaces de hacer frente y vencer a aquellos despreciables empresarios, miembros del gobierno y hasta delincuentes cuyas actividades tienen un rasgo com\u00fan: violan los derechos de los otros y, en la mayor\u00eda de los casos, son mis\u00f3ginos, racistas o sic\u00f3patas con poder. Pero Lisbeth Salander y Mikael Blomkvist no est\u00e1n solos. Junto a ellos hay un pu\u00f1ado de personajes que se juegan el futuro profesional, y aun la vida, para defender a una desconocida, por ejemplo, de la injusticia de la que ha sido v\u00edctima a lo largo de su vida, primero por un intocable padre lun\u00e1tico y mis\u00f3gino, y despu\u00e9s por unas autoridades corrompidas hasta niveles extremos. Ese es el \u00abbien\u00bb y el \u00abmal\u00bb que se ha retratado tan puntillosamente en la novela: el primero vulnerable, altruista y desinteresado, cuya \u00fanica arma es el buen periodismo; y el segundo dotado del poder pol\u00edtico m\u00e1s infecto, de manipulaci\u00f3n, ocultaci\u00f3n e incluso de control de la vida y la muerte.<\/p>\n<p><img data-attachment-id=\"591\" data-permalink=\"https:\/\/jcsuarez.com.pe\/index.php\/2018\/02\/08\/critica-de-literatura-stieg-larsson-millenium\/juancarlosrevollar-com_la-reina-en-el-palacio-de-las-corrientes-de-aire\/\" data-orig-file=\"https:\/\/i0.wp.com\/jcsuarez.com.pe\/wp-content\/uploads\/2018\/02\/juancarlosrevollar.com_la-reina-en-el-palacio-de-las-corrientes-de-aire.jpg?fit=797%2C1247&amp;ssl=1\" data-orig-size=\"797,1247\" data-comments-opened=\"1\" data-image-meta=\"{&quot;aperture&quot;:&quot;0&quot;,&quot;credit&quot;:&quot;&quot;,&quot;camera&quot;:&quot;&quot;,&quot;caption&quot;:&quot;&quot;,&quot;created_timestamp&quot;:&quot;0&quot;,&quot;copyright&quot;:&quot;&quot;,&quot;focal_length&quot;:&quot;0&quot;,&quot;iso&quot;:&quot;0&quot;,&quot;shutter_speed&quot;:&quot;0&quot;,&quot;title&quot;:&quot;&quot;,&quot;orientation&quot;:&quot;0&quot;}\" data-image-title=\"juancarlosrevollar.com_la-reina-en-el-palacio-de-las-corrientes-de-aire\" data-image-description=\"\" data-image-caption=\"\" data-medium-file=\"https:\/\/i0.wp.com\/jcsuarez.com.pe\/wp-content\/uploads\/2018\/02\/juancarlosrevollar.com_la-reina-en-el-palacio-de-las-corrientes-de-aire.jpg?fit=192%2C300&amp;ssl=1\" data-large-file=\"https:\/\/i0.wp.com\/jcsuarez.com.pe\/wp-content\/uploads\/2018\/02\/juancarlosrevollar.com_la-reina-en-el-palacio-de-las-corrientes-de-aire.jpg?fit=525%2C822&amp;ssl=1\" loading=\"lazy\" class=\"alignleft size-medium wp-image-591\" src=\"https:\/\/i0.wp.com\/juancarlosrevollar.com\/wp-content\/uploads\/2018\/02\/juancarlosrevollar.com_la-reina-en-el-palacio-de-las-corrientes-de-aire-192x300.jpg?resize=192%2C300\" alt=\"\" width=\"192\" height=\"300\" srcset=\"https:\/\/i0.wp.com\/jcsuarez.com.pe\/wp-content\/uploads\/2018\/02\/juancarlosrevollar.com_la-reina-en-el-palacio-de-las-corrientes-de-aire.jpg?resize=192%2C300&amp;ssl=1 192w, https:\/\/i0.wp.com\/jcsuarez.com.pe\/wp-content\/uploads\/2018\/02\/juancarlosrevollar.com_la-reina-en-el-palacio-de-las-corrientes-de-aire.jpg?resize=768%2C1202&amp;ssl=1 768w, https:\/\/i0.wp.com\/jcsuarez.com.pe\/wp-content\/uploads\/2018\/02\/juancarlosrevollar.com_la-reina-en-el-palacio-de-las-corrientes-de-aire.jpg?resize=654%2C1024&amp;ssl=1 654w, https:\/\/i0.wp.com\/jcsuarez.com.pe\/wp-content\/uploads\/2018\/02\/juancarlosrevollar.com_la-reina-en-el-palacio-de-las-corrientes-de-aire.jpg?w=797&amp;ssl=1 797w\" sizes=\"(max-width: 192px) 100vw, 192px\" data-recalc-dims=\"1\" \/>Un tema central de la novela es la misoginia, extendida como una epidemia en todos los estratos sociales \u2014sobre la que Lisbeth Salander es particularmente sensible\u2014; pero tambi\u00e9n las feroces relaciones familiares y en particular las que van en la senda padre-hijo. Hay muchos personajes memorables, como Zala, en la segunda parte, a quien es imposible no relacionar con Kurtz, de <em>El coraz\u00f3n de las tinieblas<\/em>, as\u00ed como el dueto Salander-Blomkvist.<\/p>\n<p><em>Los hombres que no amaban a las mujeres<\/em> es una historia en la misma l\u00ednea que las de Agatha Christie. Se enmarca en el viejo subg\u00e9nero policial del \u00abrecinto cerrado\u00bb, pero en vez de una habitaci\u00f3n o una casa, los hechos a investigar han ocurrido casi cuarenta a\u00f1os atr\u00e1s en una isla. Si bien Millennium arranca como un policial convencional \u2014al menos lo es en su armaz\u00f3n m\u00e1s superficial\u2014, en la segunda y tercera parte de la trilog\u00eda se termina convirtiendo en un h\u00edbrido de novela de espionaje y thriller pol\u00edtico, donde los personajes luchan contra un complot de magnitudes internacionales, y ocurren hechos de tal inverosimilitud que, a no ser por la extraordinaria pericia del autor, se estropear\u00eda la historia completa. Precisamente, la trama se ha construido siguiendo c\u00e1nones formales propios de la novela de aventuras, con acci\u00f3n creciente, acentuada por la alternancia de hechos simult\u00e1neos \u2014y a su vez, de puntos de vista\u2014 en los bloques aislados que son la base de su estructura; aunque, claro, Larsson incorpor\u00f3 tambi\u00e9n elementos de casi todos los subg\u00e9neros policiales.<\/p>\n<p><img data-attachment-id=\"590\" data-permalink=\"https:\/\/jcsuarez.com.pe\/index.php\/2018\/02\/08\/critica-de-literatura-stieg-larsson-millenium\/juancarlosrevollar-com_la-chica-que-sonaba-con-una-cerilla-y-un-bidon-de-gasolina\/\" data-orig-file=\"https:\/\/i0.wp.com\/jcsuarez.com.pe\/wp-content\/uploads\/2018\/02\/juancarlosrevollar.com_la-chica-que-sonaba-con-una-cerilla-y-un-bidon-de-gasolina.jpg?fit=909%2C1600&amp;ssl=1\" data-orig-size=\"909,1600\" data-comments-opened=\"1\" data-image-meta=\"{&quot;aperture&quot;:&quot;0&quot;,&quot;credit&quot;:&quot;&quot;,&quot;camera&quot;:&quot;&quot;,&quot;caption&quot;:&quot;&quot;,&quot;created_timestamp&quot;:&quot;0&quot;,&quot;copyright&quot;:&quot;&quot;,&quot;focal_length&quot;:&quot;0&quot;,&quot;iso&quot;:&quot;0&quot;,&quot;shutter_speed&quot;:&quot;0&quot;,&quot;title&quot;:&quot;&quot;,&quot;orientation&quot;:&quot;0&quot;}\" data-image-title=\"juancarlosrevollar.com_la-chica-que-sonaba-con-una-cerilla-y-un-bidon-de-gasolina\" data-image-description=\"\" data-image-caption=\"\" data-medium-file=\"https:\/\/i0.wp.com\/jcsuarez.com.pe\/wp-content\/uploads\/2018\/02\/juancarlosrevollar.com_la-chica-que-sonaba-con-una-cerilla-y-un-bidon-de-gasolina.jpg?fit=170%2C300&amp;ssl=1\" data-large-file=\"https:\/\/i0.wp.com\/jcsuarez.com.pe\/wp-content\/uploads\/2018\/02\/juancarlosrevollar.com_la-chica-que-sonaba-con-una-cerilla-y-un-bidon-de-gasolina.jpg?fit=525%2C924&amp;ssl=1\" loading=\"lazy\" class=\"alignright size-medium wp-image-590\" src=\"https:\/\/i0.wp.com\/juancarlosrevollar.com\/wp-content\/uploads\/2018\/02\/juancarlosrevollar.com_la-chica-que-sonaba-con-una-cerilla-y-un-bidon-de-gasolina-170x300.jpg?resize=170%2C300\" alt=\"\" width=\"170\" height=\"300\" srcset=\"https:\/\/i0.wp.com\/jcsuarez.com.pe\/wp-content\/uploads\/2018\/02\/juancarlosrevollar.com_la-chica-que-sonaba-con-una-cerilla-y-un-bidon-de-gasolina.jpg?resize=170%2C300&amp;ssl=1 170w, https:\/\/i0.wp.com\/jcsuarez.com.pe\/wp-content\/uploads\/2018\/02\/juancarlosrevollar.com_la-chica-que-sonaba-con-una-cerilla-y-un-bidon-de-gasolina.jpg?resize=768%2C1352&amp;ssl=1 768w, https:\/\/i0.wp.com\/jcsuarez.com.pe\/wp-content\/uploads\/2018\/02\/juancarlosrevollar.com_la-chica-que-sonaba-con-una-cerilla-y-un-bidon-de-gasolina.jpg?resize=582%2C1024&amp;ssl=1 582w, https:\/\/i0.wp.com\/jcsuarez.com.pe\/wp-content\/uploads\/2018\/02\/juancarlosrevollar.com_la-chica-que-sonaba-con-una-cerilla-y-un-bidon-de-gasolina.jpg?w=909&amp;ssl=1 909w\" sizes=\"(max-width: 170px) 100vw, 170px\" data-recalc-dims=\"1\" \/>La organizaci\u00f3n formal es sencilla, y a grandes rasgos, incluso lineal, salvo en los peque\u00f1os retrocesos al pasado para explicar algo m\u00e1s sobre un hecho o un personaje, lo cual dota de profundidad a cada arista de la historia. Las t\u00e9cnicas narrativas presentes son de lo m\u00e1s diversas, y abarcan desde aquellas m\u00e1s comunes, como el dato oculto (podr\u00eda decirse que la trilog\u00eda completa est\u00e1 construida con base en el ocultamiento temporal de informaci\u00f3n al lector), hasta las cinematogr\u00e1ficas: el ojo m\u00f3vil, el <em>travelling<\/em> o la c\u00e1mara lenta. Por eso secuencias enteras tienen un aparente caos en el punto de vista, que salta de un personaje a otro. Lo que no hace ininteligible a la novela es que Larsson jam\u00e1s pierde el hilo conductor de la historia.<\/p>\n<p>Muchas veces el \u00e9xito de difusi\u00f3n de una novela obedece a factores tan azarosos que dif\u00edcilmente tienen que ver con su calidad. Pero en el caso de <em>Millennium<\/em> es perfectamente justo, como ocurriera en su tiempo con otras grandes novelas de V\u00edctor Hugo, Tolstoi o Balzac.<\/p>\n<p style=\"padding-left: 60px;\">Publicado en <em>Suplemento Cultural Solo 4<\/em>, del diario <em>Correo<\/em>, el 17 de marzo de 2012.<\/p>\n","protected":false},"excerpt":{"rendered":"<p>El reino de los malditos Por: Juan Carlos Su\u00e1rez Revollar Una mirada r\u00e1pida a las tres partes de la trilog\u00eda Millennium parecer\u00eda mostrar que los personajes son, en todos sus niveles, infames gentes de alma retorcida, con des\u00f3rdenes sicol\u00f3gicos, intolerancia, corrupci\u00f3n o simplemente avaricia, a las que Lisbeth Salander y Mikael Blomkvist se empe\u00f1an en &hellip; <\/p>\n<p class=\"link-more\"><a href=\"https:\/\/jcsuarez.com.pe\/index.php\/2018\/02\/08\/critica-de-literatura-stieg-larsson-millenium\/\" class=\"more-link\">Continue reading<span class=\"screen-reader-text\"> \u00abCr\u00edtica de literatura: Stieg Larsson, \u00abMillenium\u00bb\u00bb<\/span><\/a><\/p>\n","protected":false},"author":1,"featured_media":0,"comment_status":"open","ping_status":"open","sticky":false,"template":"","format":"standard","meta":{"om_disable_all_campaigns":false,"_monsterinsights_skip_tracking":false,"_monsterinsights_sitenote_active":false,"_monsterinsights_sitenote_note":"","_monsterinsights_sitenote_category":0,"jetpack_publicize_message":"","jetpack_is_tweetstorm":false,"jetpack_publicize_feature_enabled":true},"categories":[60],"tags":[660,654,295,665,637,634,662,185,281,657,649,636,435,653,642,643,638,641,639,645,646,112,659,663,644,650,655,647,656,651,648,81,640,82,661,658,666,664,635,652],"jetpack_publicize_connections":[],"jetpack_featured_media_url":"","jetpack_sharing_enabled":true,"jetpack_shortlink":"https:\/\/wp.me\/p9wSwf-9v","jetpack_likes_enabled":true,"jetpack-related-posts":[{"id":820,"url":"https:\/\/jcsuarez.com.pe\/index.php\/2018\/08\/18\/los-cachorros-mario-vargas-llosa-critica-de-literatura\/","url_meta":{"origin":589,"position":0},"title":"Cr\u00edtica de literatura: Mario Vargas Llosa, Los cachorros","date":"agosto 18, 2018","format":false,"excerpt":"La decadencia y el valor de la virilidad latinoamericana Por: Juan Carlos Su\u00e1rez Revollar Los cachorros es una de las novelas cortas m\u00e1s impactantes del \u00faltimo medio siglo. Esta nueva afirmaci\u00f3n \u2014por ser estrictamente personal\u2014 puede sonar dudosa: constituye el pico m\u00e1s alto de la obra de Mario Vargas Llosa,\u2026","rel":"","context":"En &quot;Cr\u00edtica de literatura&quot;","img":{"alt_text":"","src":"https:\/\/i0.wp.com\/jcsuarez.com.pe\/wp-content\/uploads\/2018\/08\/Los-cachorros-primera-edicion-945x1024.jpg?resize=350%2C200&ssl=1","width":350,"height":200},"classes":[]},{"id":525,"url":"https:\/\/jcsuarez.com.pe\/index.php\/2018\/01\/25\/entrevista-a-juan-carlos-suarez-revollar-las-lecturas-se-estan-haciendo-mas-ligeras\/","url_meta":{"origin":589,"position":1},"title":"Entrevista a Juan Carlos Su\u00e1rez Revollar: \u00abLas lecturas se est\u00e1n haciendo m\u00e1s ligeras\u00bb","date":"enero 25, 2018","format":false,"excerpt":"Una entrevista de Daniel Mitma Luego de leer El Quijote, Juan Carlos Su\u00e1rez Revollar supo que la literatura era lo suyo. Lector voraz, cr\u00edtico agudo y editor perfeccionista, decidi\u00f3 aventurarse lanzando su propia editorial. Hoy es uno de los principales sellos en la regi\u00f3n (Acerva Ediciones) y alista nuevas entregas.\u2026","rel":"","context":"En &quot;Entrevistas al autor&quot;","img":{"alt_text":"","src":"https:\/\/i0.wp.com\/jcsuarez.com.pe\/wp-content\/uploads\/2018\/01\/Entrevista-a-Juan-Carlos-Su\u00e1rez-Revollar-Correo-Daniel-Mitma.jpg?resize=350%2C200","width":350,"height":200},"classes":[]},{"id":780,"url":"https:\/\/jcsuarez.com.pe\/index.php\/2018\/08\/03\/william-faulkner-la-obra\/","url_meta":{"origin":589,"position":2},"title":"William Faulkner, la obra","date":"agosto 3, 2018","format":false,"excerpt":"William Faulkner, a 50 a\u00f1os de su muerte Por: Juan Carlos Su\u00e1rez Revollar El creador de Yoknapatawpha City, William Faulkner, falleci\u00f3 hace cincuenta a\u00f1os. Su poderosa influencia ha marcado la literatura universal de la segunda mitad del siglo XX, as\u00ed como la obra de los escritores del Boom. Disc\u00edpulos suyos\u2026","rel":"","context":"En &quot;Cr\u00edtica de literatura&quot;","img":{"alt_text":"","src":"https:\/\/i0.wp.com\/jcsuarez.com.pe\/wp-content\/uploads\/2018\/08\/jcsuarez.com_.pe_william_faulkner_lo_explica_todo.jpg?resize=350%2C200","width":350,"height":200},"classes":[]},{"id":773,"url":"https:\/\/jcsuarez.com.pe\/index.php\/2018\/08\/01\/sobre-carlos-fuentes-obituario\/","url_meta":{"origin":589,"position":3},"title":"Sobre Carlos Fuentes: obituario","date":"agosto 1, 2018","format":false,"excerpt":"Carlos Fuentes: el ajuste de cuentas con la historia Por: Juan Carlos Su\u00e1rez Revollar Carlos Fuentes ha muerto. Su obra, prol\u00edfica, comprometida y genial, lo coloc\u00f3 a la vanguardia del boom de la literatura latinoamericana. Carlos Fuentes es aquel joven provocador que, igual que los entonces cuasidesconocidos Gabriel Garc\u00eda M\u00e1rquez\u2026","rel":"","context":"En &quot;Cr\u00edtica de literatura&quot;","img":{"alt_text":"","src":"https:\/\/i0.wp.com\/jcsuarez.com.pe\/wp-content\/uploads\/2018\/08\/jcsuarez.com_.pe_carlos_fuentes.jpg?resize=350%2C200","width":350,"height":200},"classes":[]},{"id":1024,"url":"https:\/\/jcsuarez.com.pe\/index.php\/2020\/01\/06\/critica-de-literatura-incendio-en-el-valle-azul-de-carlos-villanes-cairo\/","url_meta":{"origin":589,"position":4},"title":"Cr\u00edtica de literatura: Incendio en el Valle Azul, de Carlos Villanes Cairo","date":"enero 6, 2020","format":false,"excerpt":"La novela de los salvadores de \u00e1rboles Por: Juan Carlos Su\u00e1rez Revollar Incendio en el Valle Azul (Acerva Ediciones), la nueva novela de Carlos Villanes Cairo, ocurre entre dos ciudades, donde cientos de personas luchan para salvar a los \u00e1rboles. Por un lado, seres m\u00e1s bien fr\u00e1giles \u2014ni\u00f1os y ancianos\u2014\u2026","rel":"","context":"En &quot;Cr\u00edtica de literatura&quot;","img":{"alt_text":"","src":"https:\/\/i0.wp.com\/jcsuarez.com.pe\/wp-content\/uploads\/2020\/01\/acerva-ediciones-incendio-en-el-valle-azul-carlos-villanes-cairo.jpg?resize=350%2C200","width":350,"height":200},"classes":[]},{"id":811,"url":"https:\/\/jcsuarez.com.pe\/index.php\/2018\/08\/12\/critica-de-literatura-marguerite-duras-el-amante\/","url_meta":{"origin":589,"position":5},"title":"Cr\u00edtica de literatura: Marguerite Duras, El amante","date":"agosto 12, 2018","format":false,"excerpt":"La difusa l\u00ednea entre el placer y la muerte Por: Juan Carlos Su\u00e1rez Revollar El amante es una de esas novelas que cuentan, de manera obsesiva, un corto periodo de la vida de su protagonista. Est\u00e1 construida a partir de la evocaci\u00f3n de recuerdos fragmentados de la narradora, un personaje\u2026","rel":"","context":"En &quot;Cr\u00edtica de literatura&quot;","img":{"alt_text":"","src":"https:\/\/i0.wp.com\/jcsuarez.com.pe\/wp-content\/uploads\/2018\/08\/jcsuarez.com_.pe_El-amante_marguerite-duras.jpg?resize=350%2C200","width":350,"height":200},"classes":[]}],"_links":{"self":[{"href":"https:\/\/jcsuarez.com.pe\/index.php\/wp-json\/wp\/v2\/posts\/589"}],"collection":[{"href":"https:\/\/jcsuarez.com.pe\/index.php\/wp-json\/wp\/v2\/posts"}],"about":[{"href":"https:\/\/jcsuarez.com.pe\/index.php\/wp-json\/wp\/v2\/types\/post"}],"author":[{"embeddable":true,"href":"https:\/\/jcsuarez.com.pe\/index.php\/wp-json\/wp\/v2\/users\/1"}],"replies":[{"embeddable":true,"href":"https:\/\/jcsuarez.com.pe\/index.php\/wp-json\/wp\/v2\/comments?post=589"}],"version-history":[{"count":3,"href":"https:\/\/jcsuarez.com.pe\/index.php\/wp-json\/wp\/v2\/posts\/589\/revisions"}],"predecessor-version":[{"id":595,"href":"https:\/\/jcsuarez.com.pe\/index.php\/wp-json\/wp\/v2\/posts\/589\/revisions\/595"}],"wp:attachment":[{"href":"https:\/\/jcsuarez.com.pe\/index.php\/wp-json\/wp\/v2\/media?parent=589"}],"wp:term":[{"taxonomy":"category","embeddable":true,"href":"https:\/\/jcsuarez.com.pe\/index.php\/wp-json\/wp\/v2\/categories?post=589"},{"taxonomy":"post_tag","embeddable":true,"href":"https:\/\/jcsuarez.com.pe\/index.php\/wp-json\/wp\/v2\/tags?post=589"}],"curies":[{"name":"wp","href":"https:\/\/api.w.org\/{rel}","templated":true}]}}